{"id":83,"date":"2008-12-07T11:14:00","date_gmt":"2008-12-07T10:14:00","guid":{"rendered":"https:\/\/www.echo-frankfurt.de\/WP2\/?p=83"},"modified":"2023-10-05T11:18:46","modified_gmt":"2023-10-05T09:18:46","slug":"sanfte-klaenge-donnernder-applaus","status":"publish","type":"post","link":"https:\/\/www.echo-frankfurt.de\/WP2\/sanfte-klaenge-donnernder-applaus\/","title":{"rendered":"Sanfte Kl\u00e4nge &#8211; donnernder Applaus"},"content":{"rendered":"<p>Chorkonzert in der Melanchthonkirche in Fechenheim. F\u00fcr jeden Musikgeschmack bot das diesj\u00e4hrige gro\u00dfe Konzert am 8.November in der Melanchthonkirche,das vom Kirchenchor der Evangelischen Gemeinde Fechenheim, dem \u00d6kumenischen Chor Griesheim (Leitung: Ulrike Fausel) und dem ECHO -Chor (Leitung: Karlheinz Wehner), sowie einem Profi -Gitarristen gestaltet wurde.<\/p>\n<p><!--more-->\u201eDie Himmel erz\u00e4hlen\u201c hie\u00df das Motto des musikalischen Abends und der gleichnamige Auszug aus dem Sch\u00f6pfungszyklus von Joseph Haydn bildete auch den stimmgewaltigen H\u00f6hepunkt durch alle drei Ch\u00f6re. Jeder Chor zeigte einen Ausschnitt aus seinem individuellen Repertoire, darunter im ersten Teil klassische Kirchenst\u00fccke wie \u201eCantate domino\u201c von Johann Cr\u00fcger und zwei verschiedene Versionen von \u201eAve verum\u201c von Edward Elgar und Wolfgang Amadeus Mozart. Alle Klavierst\u00fccke des Abends wurden von Martin H\u00f6llenriegel passend begleitet. Wie zu Beginn des Konzertes verzauberte nach einer Pause der japanische Gitarrist Kohei Ota die Besucher mit seinem Instrument und spannte musikalisch einen weiten Bogen von Johann Sebastian Bach \u00fcber japanische Melodien bis zu \u201eRecuerdes de laAlhambra\u201c von F. Tarrega. Kohei Otaist seit kurzem in Fechenheim wohnhaft und erhielt f\u00fcr seine sanften Kl\u00e4nge auf der Gitarre donnernden Applaus vomPublikum. Der Fechenheimer Kirchenchor sang anschlie\u00dfend St\u00fccke des 20. Jahrhunderts mit \u201eGott hat mir l\u00e4ngst einen Engel gesandt\u201c von Th. Gabriel, dem fr\u00f6hlichen \u201eDu passt so gut zu mir\u201c von N. Brodsky und dem modernen Gospel \u201ePower\u201c von M. Summer. Sanftere T\u00f6ne schlugen die S\u00e4nger aus Griesheim an und zeigten eine Auswahl unterschiedlichster Abendlieder. Mit drei Swing -St\u00fccken von George Gershwin, auf dem Klavier begleitet von Wolfgang Schraub, leitete der ECHO-Chor dann \u00fcber zum H\u00f6hepunkt \u201eDie Himmel erz\u00e4hlen die Ehre Gottes\u201c. Und auch die Besucher konnten sich nach diesem sch\u00f6nen Konzert sicherlich einiges erz\u00e4hlen.<\/p>\n","protected":false},"excerpt":{"rendered":"<p>Chorkonzert in der Melanchthonkirche in Fechenheim. F\u00fcr jeden Musikgeschmack bot das diesj\u00e4hrige gro\u00dfe Konzert am 8.November in der Melanchthonkirche,das vom Kirchenchor der Evangelischen Gemeinde Fechenheim, dem \u00d6kumenischen Chor Griesheim (Leitung: Ulrike Fausel) und dem ECHO -Chor (Leitung: Karlheinz Wehner), sowie einem Profi -Gitarristen gestaltet wurde.<\/p>\n","protected":false},"author":3,"featured_media":0,"comment_status":"closed","ping_status":"open","sticky":false,"template":"","format":"standard","meta":{"ngg_post_thumbnail":0,"footnotes":""},"categories":[14,18],"tags":[6,4,3,26,5,22,9,25,24,27,20],"class_list":["post-83","post","type-post","status-publish","format-standard","hentry","category-berichte","category-konzerte","tag-chor","tag-echo","tag-echo-frankfurt-chor","tag-fechenheim","tag-frankfurt","tag-helmholtzschule","tag-konzerte","tag-melanchthongemeinde","tag-melanchthonkirche","tag-oekomenischer-chor-griesheim","tag-seckbach"],"_links":{"self":[{"href":"https:\/\/www.echo-frankfurt.de\/WP2\/wp-json\/wp\/v2\/posts\/83","targetHints":{"allow":["GET"]}}],"collection":[{"href":"https:\/\/www.echo-frankfurt.de\/WP2\/wp-json\/wp\/v2\/posts"}],"about":[{"href":"https:\/\/www.echo-frankfurt.de\/WP2\/wp-json\/wp\/v2\/types\/post"}],"author":[{"embeddable":true,"href":"https:\/\/www.echo-frankfurt.de\/WP2\/wp-json\/wp\/v2\/users\/3"}],"replies":[{"embeddable":true,"href":"https:\/\/www.echo-frankfurt.de\/WP2\/wp-json\/wp\/v2\/comments?post=83"}],"version-history":[{"count":1,"href":"https:\/\/www.echo-frankfurt.de\/WP2\/wp-json\/wp\/v2\/posts\/83\/revisions"}],"predecessor-version":[{"id":84,"href":"https:\/\/www.echo-frankfurt.de\/WP2\/wp-json\/wp\/v2\/posts\/83\/revisions\/84"}],"wp:attachment":[{"href":"https:\/\/www.echo-frankfurt.de\/WP2\/wp-json\/wp\/v2\/media?parent=83"}],"wp:term":[{"taxonomy":"category","embeddable":true,"href":"https:\/\/www.echo-frankfurt.de\/WP2\/wp-json\/wp\/v2\/categories?post=83"},{"taxonomy":"post_tag","embeddable":true,"href":"https:\/\/www.echo-frankfurt.de\/WP2\/wp-json\/wp\/v2\/tags?post=83"}],"curies":[{"name":"wp","href":"https:\/\/api.w.org\/{rel}","templated":true}]}}