{"id":81,"date":"2008-08-11T11:09:00","date_gmt":"2008-08-11T09:09:00","guid":{"rendered":"https:\/\/www.echo-frankfurt.de\/WP2\/?p=81"},"modified":"2023-10-05T11:13:36","modified_gmt":"2023-10-05T09:13:36","slug":"swing-konzert-in-nieder-eschbach","status":"publish","type":"post","link":"https:\/\/www.echo-frankfurt.de\/WP2\/swing-konzert-in-nieder-eschbach\/","title":{"rendered":"Swing-Konzert in Nieder-Eschbach"},"content":{"rendered":"<p style=\"margin: 0cm 0cm 0pt;\"><span style=\"color: #000000; font-family: Arial; font-size: medium;\">Eine Premiere konnten die Besucher des Gemeindefestes am 10.August 2008 zum 10 j\u00e4hrigen Bestehen des F\u00f6rdervereins der Ev. Kirchengemeinde in Nieder-Eschbach erleben.<\/span><\/p>\n<p style=\"margin: 0cm 0cm 0pt;\"><span style=\"color: #000000; font-family: Arial; font-size: medium;\">Fotos von der Veranstaltung folgen.<\/span><!--more--><\/p>\n<p style=\"margin: 0cm 0cm 0pt;\"><span style=\"color: #000000; font-family: Arial; font-size: medium;\">Eine Premiere konnten die Besucher des Gemeindefestes am 10.August zum 10 j\u00e4hrigen Bestehen des F\u00f6rdervereins der Ev. Kirchengemeinde in Nieder-Eschbach erleben: Der Echo-Chor Frankfurt sang zu den swingenden Rhythmen der Band \u201eSenior Sevens\u201c.\u00a0 Songs wie \u201eSomebody loves me\u201c, \u201eMoonglow\u201c oder \u201eLullaby of birdland\u201c lie\u00dfen die Zuh\u00f6rer auf ihren B\u00e4nken mitwippen und -schnippen. Auch f\u00fcr den Chor war es ein besonderes Erlebnis. War es doch das erste Mal, dass er mit einer Band zusammen aufgetreten ist. M\u00f6glich gemacht hat dies Wolfgang Lutz, der sowohl Mitglied im Echo-Chor als auch bei den \u201eSenior Sevens\u201c ist und seine Frau Nuri, die aktiv in der Nieder-Eschbacher Gemeinde engagiert ist. Alle Beteiligten waren sich einig, dass man dies gerne noch mal wiederholen kann.<\/span><\/p>\n","protected":false},"excerpt":{"rendered":"<p>Eine Premiere konnten die Besucher des Gemeindefestes am 10.August 2008 zum 10 j\u00e4hrigen Bestehen des F\u00f6rdervereins der Ev. Kirchengemeinde in Nieder-Eschbach erleben. Fotos von der Veranstaltung folgen.<\/p>\n","protected":false},"author":3,"featured_media":0,"comment_status":"closed","ping_status":"open","sticky":false,"template":"","format":"standard","meta":{"ngg_post_thumbnail":0,"footnotes":""},"categories":[14,18],"tags":[6,4,3,5,22,9,23,20],"class_list":["post-81","post","type-post","status-publish","format-standard","hentry","category-berichte","category-konzerte","tag-chor","tag-echo","tag-echo-frankfurt-chor","tag-frankfurt","tag-helmholtzschule","tag-konzerte","tag-nieder-eschbach","tag-seckbach"],"_links":{"self":[{"href":"https:\/\/www.echo-frankfurt.de\/WP2\/wp-json\/wp\/v2\/posts\/81","targetHints":{"allow":["GET"]}}],"collection":[{"href":"https:\/\/www.echo-frankfurt.de\/WP2\/wp-json\/wp\/v2\/posts"}],"about":[{"href":"https:\/\/www.echo-frankfurt.de\/WP2\/wp-json\/wp\/v2\/types\/post"}],"author":[{"embeddable":true,"href":"https:\/\/www.echo-frankfurt.de\/WP2\/wp-json\/wp\/v2\/users\/3"}],"replies":[{"embeddable":true,"href":"https:\/\/www.echo-frankfurt.de\/WP2\/wp-json\/wp\/v2\/comments?post=81"}],"version-history":[{"count":1,"href":"https:\/\/www.echo-frankfurt.de\/WP2\/wp-json\/wp\/v2\/posts\/81\/revisions"}],"predecessor-version":[{"id":82,"href":"https:\/\/www.echo-frankfurt.de\/WP2\/wp-json\/wp\/v2\/posts\/81\/revisions\/82"}],"wp:attachment":[{"href":"https:\/\/www.echo-frankfurt.de\/WP2\/wp-json\/wp\/v2\/media?parent=81"}],"wp:term":[{"taxonomy":"category","embeddable":true,"href":"https:\/\/www.echo-frankfurt.de\/WP2\/wp-json\/wp\/v2\/categories?post=81"},{"taxonomy":"post_tag","embeddable":true,"href":"https:\/\/www.echo-frankfurt.de\/WP2\/wp-json\/wp\/v2\/tags?post=81"}],"curies":[{"name":"wp","href":"https:\/\/api.w.org\/{rel}","templated":true}]}}