{"id":71,"date":"2005-04-18T00:11:00","date_gmt":"2005-04-17T22:11:00","guid":{"rendered":"https:\/\/www.echo-frankfurt.de\/WP2\/?p=71"},"modified":"2023-10-05T00:13:47","modified_gmt":"2023-10-04T22:13:47","slug":"die-jahreszeiten-der-liebe-konzert-seckbach-16-17-04-2005","status":"publish","type":"post","link":"https:\/\/www.echo-frankfurt.de\/WP2\/die-jahreszeiten-der-liebe-konzert-seckbach-16-17-04-2005\/","title":{"rendered":"Die Jahreszeiten der Liebe &#8211; Konzert Seckbach 16.&amp;17.04.2005"},"content":{"rendered":"<p>Mit Gedichten und Geschichten von Shakespeare, \u00fcber Goethe zu Tucholsky, spann sich ein roter Faden durch die Jahreszeiten der Liebe. Fr\u00fchling, Sommer, Herbst und Winter.<\/p>\n<p>Mit zahlreichen St\u00fccken wurde in einem Zwiegespr\u00e4ch zwischen einem Romantiker und einer n\u00fcchternen Skeptikerin das F\u00fcr und Wider des verliebt sein, der Liebe, aber auch des Alltags, Betrugs und Alleinseins\u00a0 gegen\u00fcber gestellt.<br \/>\nChorpogramm:<\/p>\n<p><span style=\"text-decoration: underline;\">Fr\u00fchling<\/span><\/p>\n<p>Veronika, der Lenz ist da (Comedian Harmonists)<\/p>\n<p>All mein\u2019 Gedanken die ich hab (Volkslied 1450)<\/p>\n<p>Mit Lieb\u2019 bin ich umfangen (Volkslied 1601)<\/p>\n<p><span style=\"text-decoration: underline;\">Sommer<\/span><\/p>\n<p>Summertime (Gershwin: Porgy and Bess)<\/p>\n<p>Auf dem Dach der Welt (Schlager)<\/p>\n<p><span style=\"text-decoration: underline;\">Herbst<\/span><\/p>\n<p>I got plenty o\u2019nuttin (Gershwin: Porgy and Bess)<\/p>\n<p>In der Bar zum Krokodil (Comedian Harmonists)<\/p>\n<p><span style=\"text-decoration: underline;\">Winter<\/span><\/p>\n<p>Winter in Canada (Schlager)<\/p>\n","protected":false},"excerpt":{"rendered":"<p>Mit Gedichten und Geschichten von Shakespeare, \u00fcber Goethe zu Tucholsky, spann sich ein roter Faden durch die Jahreszeiten der Liebe. Fr\u00fchling, Sommer, Herbst und Winter. Mit zahlreichen St\u00fccken wurde in einem Zwiegespr\u00e4ch zwischen einem Romantiker und einer n\u00fcchternen Skeptikerin das F\u00fcr und Wider des verliebt sein, der Liebe, aber auch des Alltags, Betrugs und Alleinseins\u00a0 &hellip; <\/p>\n<p class=\"link-more\"><a href=\"https:\/\/www.echo-frankfurt.de\/WP2\/die-jahreszeiten-der-liebe-konzert-seckbach-16-17-04-2005\/\" class=\"more-link\"><span class=\"screen-reader-text\">\u201eDie Jahreszeiten der Liebe &#8211; Konzert Seckbach 16.&amp;17.04.2005\u201c <\/span>weiterlesen<\/a><\/p>\n","protected":false},"author":3,"featured_media":0,"comment_status":"closed","ping_status":"closed","sticky":false,"template":"","format":"standard","meta":{"ngg_post_thumbnail":0,"footnotes":""},"categories":[14,18],"tags":[6,4,3,5,9,20],"class_list":["post-71","post","type-post","status-publish","format-standard","hentry","category-berichte","category-konzerte","tag-chor","tag-echo","tag-echo-frankfurt-chor","tag-frankfurt","tag-konzerte","tag-seckbach"],"_links":{"self":[{"href":"https:\/\/www.echo-frankfurt.de\/WP2\/wp-json\/wp\/v2\/posts\/71","targetHints":{"allow":["GET"]}}],"collection":[{"href":"https:\/\/www.echo-frankfurt.de\/WP2\/wp-json\/wp\/v2\/posts"}],"about":[{"href":"https:\/\/www.echo-frankfurt.de\/WP2\/wp-json\/wp\/v2\/types\/post"}],"author":[{"embeddable":true,"href":"https:\/\/www.echo-frankfurt.de\/WP2\/wp-json\/wp\/v2\/users\/3"}],"replies":[{"embeddable":true,"href":"https:\/\/www.echo-frankfurt.de\/WP2\/wp-json\/wp\/v2\/comments?post=71"}],"version-history":[{"count":2,"href":"https:\/\/www.echo-frankfurt.de\/WP2\/wp-json\/wp\/v2\/posts\/71\/revisions"}],"predecessor-version":[{"id":74,"href":"https:\/\/www.echo-frankfurt.de\/WP2\/wp-json\/wp\/v2\/posts\/71\/revisions\/74"}],"wp:attachment":[{"href":"https:\/\/www.echo-frankfurt.de\/WP2\/wp-json\/wp\/v2\/media?parent=71"}],"wp:term":[{"taxonomy":"category","embeddable":true,"href":"https:\/\/www.echo-frankfurt.de\/WP2\/wp-json\/wp\/v2\/categories?post=71"},{"taxonomy":"post_tag","embeddable":true,"href":"https:\/\/www.echo-frankfurt.de\/WP2\/wp-json\/wp\/v2\/tags?post=71"}],"curies":[{"name":"wp","href":"https:\/\/api.w.org\/{rel}","templated":true}]}}