{"id":172,"date":"2023-03-26T09:00:00","date_gmt":"2023-03-26T07:00:00","guid":{"rendered":"https:\/\/www.echo-frankfurt.de\/WP2\/?p=172"},"modified":"2024-03-31T18:24:50","modified_gmt":"2024-03-31T16:24:50","slug":"five-oclock-tea-konzert-bei-der-kulturgruppe-seckbach","status":"publish","type":"post","link":"https:\/\/www.echo-frankfurt.de\/WP2\/five-oclock-tea-konzert-bei-der-kulturgruppe-seckbach\/","title":{"rendered":"Five o&#8217;clock Tea &#8211; Konzert bei der Kulturgruppe TV Seckbach"},"content":{"rendered":"\n<p>Die Kulturgruppe des TV Seckbach hatte zu einem \u201eFive o&#8217;clock Tea\u201c eingeladen, bei dem der ECHO Chor einen musikalischen Abend pr\u00e4sentierte, der von der Kulturgruppe mit kleinen Speisen und Getr\u00e4nken erg\u00e4nzt wurde. Da der Andrang viel gr\u00f6\u00dfer als erwartet war mussten zahlreiche Zusatzst\u00fchle besorgt werden, damit alle G\u00e4ste den Abend im Sitzen erleben konnten.<br>Im ersten Teil gab es ein musikalisches R\u00e4tsel: Der Chor sang bekannte und weniger bekannte Operch\u00f6re und Soloarien und die Zuschauer mussten die Namen der Opern und die Komponisten benennen, was in den meisten F\u00e4llen auch gelang. Titel wie der Gefangenenchor aus Nabucco von Verdi oder der Hochzeitsmarsch aus Lohengrin von Wagner machten da weinger Schwierigkeiten als Soloarien aus Orpheus und Euridike oder der Chor der Janitscharen aus: Die Entf\u00fchrung aus dem Serail von Mozart.<br>Im zweiten Teil des Abends entf\u00fchrten die S\u00e4ngerinnen und S\u00e4nger das Publikum in die Musik der 1920ger Jahre. B\u00fchnengestaltung und Kleidung hatten sich nach der Pause dementsprechend ge\u00e4ndert, alles sah nach 20ger Jahre aus. Nach dem Teil mit Ernster Musik am Anfang erklangen jetzt neben den instrumentalen \u201eTea for Two\u201c, \u201ePuttin\u00b4on the Riz\u201c Titel wie \u201eIrgendwo auf der Welt\u201c, \u201eRamona\u201c, \u201eWochenend und Sonnenschein\u201c, \u201eAusgerechnet Bananen\u201c, \u201eAm Sonntag will mein S\u00fc\u00dfer mit mir segeln gehen\u201c, \u201eWo sind deine Haare August\u201c, \u201eFr\u00e4ulein Helen\u201c, oder \u201eAin\u00b4t she sweet\u201c. Zwischen den St\u00fccken gab es Kommentare und Informationen und Sketche, aber auch kritische Bemerkungen zur Zeit der 20ger Jahre.<\/p>\n\n\n\n<p>Ein vielseitiger Abend, den das Publikum mit lang anhaltendem Applaus und dem Fordern einer Zugabe, w\u00fcrdigte. Sowohl den Zuschauern als auch den S\u00e4ngerinnen und S\u00e4ngern hat der Abend gro\u00dfen Spass gemacht. Wegen des gro\u00dfen Erfolgs soll das Programm mit Musik der 20iger Jahre in etwas erweiterter Form am 8.11.23 um 19.30 Uhr in der evangelischen Kirche der Melanchtongemeinde in Ffm.-Fechenheim, Pfortenstr.4, erneut pr\u00e4sentiert werden. Der Eintritt ist frei. Herzlich willkommen!<\/p>\n\n\n\n<p>Weitere Auftritte: Freitag, 15.12.23 19.30 Vorweihnachtliche Lieder im Rahmen des Seckbacher Adventskalenders im Gemeindesaal der Mariengemeinde in Ffm.-Seckbach<\/p>\n\n\n\n<p>In Planung: 04. Mai 2024: Jazz und Swing in der ev. Kirche in Ffm.-Nieder-Eschbach<\/p>\n","protected":false},"excerpt":{"rendered":"<p>Die Kulturgruppe des TV Seckbach hatte zu einem \u201eFive o&#8217;clock Tea\u201c eingeladen, bei dem der ECHO Chor einen musikalischen Abend pr\u00e4sentierte, der von der Kulturgruppe mit kleinen Speisen und Getr\u00e4nken erg\u00e4nzt wurde. Da der Andrang viel gr\u00f6\u00dfer als erwartet war mussten zahlreiche Zusatzst\u00fchle besorgt werden, damit alle G\u00e4ste den Abend im Sitzen erleben konnten.Im ersten &hellip; <\/p>\n<p class=\"link-more\"><a href=\"https:\/\/www.echo-frankfurt.de\/WP2\/five-oclock-tea-konzert-bei-der-kulturgruppe-seckbach\/\" class=\"more-link\"><span class=\"screen-reader-text\">\u201eFive o&#8217;clock Tea &#8211; Konzert bei der Kulturgruppe TV Seckbach\u201c <\/span>weiterlesen<\/a><\/p>\n","protected":false},"author":3,"featured_media":0,"comment_status":"closed","ping_status":"open","sticky":false,"template":"","format":"standard","meta":{"ngg_post_thumbnail":0,"footnotes":""},"categories":[14,18],"tags":[6,21,4,3,43,5,41,20,11,42],"class_list":["post-172","post","type-post","status-publish","format-standard","hentry","category-berichte","category-konzerte","tag-chor","tag-ech","tag-echo","tag-echo-frankfurt-chor","tag-five-oclock-tea","tag-frankfurt","tag-konzert","tag-seckbach","tag-termin","tag-turnverein-seckbach"],"_links":{"self":[{"href":"https:\/\/www.echo-frankfurt.de\/WP2\/wp-json\/wp\/v2\/posts\/172","targetHints":{"allow":["GET"]}}],"collection":[{"href":"https:\/\/www.echo-frankfurt.de\/WP2\/wp-json\/wp\/v2\/posts"}],"about":[{"href":"https:\/\/www.echo-frankfurt.de\/WP2\/wp-json\/wp\/v2\/types\/post"}],"author":[{"embeddable":true,"href":"https:\/\/www.echo-frankfurt.de\/WP2\/wp-json\/wp\/v2\/users\/3"}],"replies":[{"embeddable":true,"href":"https:\/\/www.echo-frankfurt.de\/WP2\/wp-json\/wp\/v2\/comments?post=172"}],"version-history":[{"count":2,"href":"https:\/\/www.echo-frankfurt.de\/WP2\/wp-json\/wp\/v2\/posts\/172\/revisions"}],"predecessor-version":[{"id":182,"href":"https:\/\/www.echo-frankfurt.de\/WP2\/wp-json\/wp\/v2\/posts\/172\/revisions\/182"}],"wp:attachment":[{"href":"https:\/\/www.echo-frankfurt.de\/WP2\/wp-json\/wp\/v2\/media?parent=172"}],"wp:term":[{"taxonomy":"category","embeddable":true,"href":"https:\/\/www.echo-frankfurt.de\/WP2\/wp-json\/wp\/v2\/categories?post=172"},{"taxonomy":"post_tag","embeddable":true,"href":"https:\/\/www.echo-frankfurt.de\/WP2\/wp-json\/wp\/v2\/tags?post=172"}],"curies":[{"name":"wp","href":"https:\/\/api.w.org\/{rel}","templated":true}]}}