{"id":144,"date":"2023-10-22T13:00:09","date_gmt":"2023-10-22T11:00:09","guid":{"rendered":"https:\/\/www.echo-frankfurt.de\/WP2\/?p=144"},"modified":"2023-10-22T13:02:28","modified_gmt":"2023-10-22T11:02:28","slug":"ueber-den-chorleiter-des-echo-chores-dr-karlheinz-wehner","status":"publish","type":"post","link":"https:\/\/www.echo-frankfurt.de\/WP2\/ueber-den-chorleiter-des-echo-chores-dr-karlheinz-wehner\/","title":{"rendered":"\u00dcber den Chorleiter des ECHO Chores Dr. Karlheinz Wehner"},"content":{"rendered":"<p>Unser Chorleiter, Dr. Karlheinz Wehner, der den Chor seit seiner Gr\u00fcndung leitet, ist ehemaliger Helmholtzsch\u00fcler und ehemaliger Helmholtz-Lehrer.<\/p>\n<p>Nach dem Abitur im Jahre 1968 studierte er Musik, Biologie und Geografie f\u00fcr das Lehramt an Gymnasien. W\u00e4hrend seines Studiums der Schulmusik an der Frankfurter Hochschule f\u00fcr Musik und Darstellende Kunst konnte er neben der Weiterentwicklung seiner pianistischen F\u00e4higkeiten Erfahrungen im Spiel der Violine, Fl\u00f6te und Posaune sammeln. Neben dem Tonsatz- und Partiturspiel bei Prof. Richard Rudolf Klein und Kompositionslehre bei Prof. K.U. Engelmann geh\u00f6rten Orchesterleitung und Chorleitung zu seinen Studienf\u00e4chern, letzteres bei Prof. Helmut Rilling.<\/p>\n<p>Nach abgeschlossenem Studium an der Hochschule und Promotion in Biologie an der der Goethe-Universit\u00e4t begann nach seinem Referendariat an der Frankfurter W\u00f6hlerschule seine T\u00e4tigkeit als Studienrat an der Helmholtzschule, wo er einen Mittel- und Oberstufenchor aufbaute. Mit diesem Chor veranstaltete er neben einer Vielzahl von Schulkonzerten zahlreiche Auslandsreisen mit Auftritten in Schweden, Norwegen, Griechenland und England. Als er 1999 die Helmholtzschule verlies, da er zum\u00a0 P\u00e4dagogischen Leiter der Carl-von-Weinberg-Schule bef\u00f6rdert wurde, wollten\u00a0 langj\u00e4hrige Chorsch\u00fclerinnen und Chorsch\u00fcler der Helmholtzschule weiter mit ihm singen und gr\u00fcndeten den ECH (<strong>E<\/strong>hemaligen <strong>C<\/strong>hor der <strong>H<\/strong>elmholtzschule), der dann sp\u00e4ter in ECHO-Chor umbenannt wurde. Sie baten ihren langj\u00e4hrigen Chorleiter Herrn Dr. Wehner diesen Ehemaligenchor zu leiten, was er bis heute ehrenamtlich mit gro\u00dfer Freude und Engagement tut. Inzwischen ist der Chor auch offen f\u00fcr alle interessierte S\u00e4ngerinnen und S\u00e4nger und freut sich \u00fcber neue Mitglieder, die schnell in die Gemeinschaft integriert werden.<\/p>\n","protected":false},"excerpt":{"rendered":"<p>Unser Chorleiter, Dr. Karlheinz Wehner, der den Chor seit seiner Gr\u00fcndung leitet, ist ehemaliger Helmholtzsch\u00fcler und ehemaliger Helmholtz-Lehrer. Nach dem Abitur im Jahre 1968 studierte er Musik, Biologie und Geografie f\u00fcr das Lehramt an Gymnasien. W\u00e4hrend seines Studiums der Schulmusik an der Frankfurter Hochschule f\u00fcr Musik und Darstellende Kunst konnte er neben der Weiterentwicklung seiner &hellip; <\/p>\n<p class=\"link-more\"><a href=\"https:\/\/www.echo-frankfurt.de\/WP2\/ueber-den-chorleiter-des-echo-chores-dr-karlheinz-wehner\/\" class=\"more-link\"><span class=\"screen-reader-text\">\u201e\u00dcber den Chorleiter des ECHO Chores Dr. Karlheinz Wehner\u201c <\/span>weiterlesen<\/a><\/p>\n","protected":false},"author":3,"featured_media":0,"comment_status":"closed","ping_status":"open","sticky":false,"template":"","format":"standard","meta":{"ngg_post_thumbnail":0,"footnotes":""},"categories":[14,19],"tags":[36,6,33,34,37,21,4,3,5,22,32,10,20],"class_list":["post-144","post","type-post","status-publish","format-standard","hentry","category-berichte","category-ueber-uns","tag-carl-von-weinberg-schule-2","tag-chor","tag-chorleiter","tag-dirigent","tag-dr-karlheinz-wehner","tag-ech","tag-echo","tag-echo-frankfurt-chor","tag-frankfurt","tag-helmholtzschule","tag-karlheinz-wehner","tag-probe","tag-seckbach"],"_links":{"self":[{"href":"https:\/\/www.echo-frankfurt.de\/WP2\/wp-json\/wp\/v2\/posts\/144","targetHints":{"allow":["GET"]}}],"collection":[{"href":"https:\/\/www.echo-frankfurt.de\/WP2\/wp-json\/wp\/v2\/posts"}],"about":[{"href":"https:\/\/www.echo-frankfurt.de\/WP2\/wp-json\/wp\/v2\/types\/post"}],"author":[{"embeddable":true,"href":"https:\/\/www.echo-frankfurt.de\/WP2\/wp-json\/wp\/v2\/users\/3"}],"replies":[{"embeddable":true,"href":"https:\/\/www.echo-frankfurt.de\/WP2\/wp-json\/wp\/v2\/comments?post=144"}],"version-history":[{"count":1,"href":"https:\/\/www.echo-frankfurt.de\/WP2\/wp-json\/wp\/v2\/posts\/144\/revisions"}],"predecessor-version":[{"id":145,"href":"https:\/\/www.echo-frankfurt.de\/WP2\/wp-json\/wp\/v2\/posts\/144\/revisions\/145"}],"wp:attachment":[{"href":"https:\/\/www.echo-frankfurt.de\/WP2\/wp-json\/wp\/v2\/media?parent=144"}],"wp:term":[{"taxonomy":"category","embeddable":true,"href":"https:\/\/www.echo-frankfurt.de\/WP2\/wp-json\/wp\/v2\/categories?post=144"},{"taxonomy":"post_tag","embeddable":true,"href":"https:\/\/www.echo-frankfurt.de\/WP2\/wp-json\/wp\/v2\/tags?post=144"}],"curies":[{"name":"wp","href":"https:\/\/api.w.org\/{rel}","templated":true}]}}