{"id":137,"date":"2001-10-01T16:38:00","date_gmt":"2001-10-01T14:38:00","guid":{"rendered":"https:\/\/www.echo-frankfurt.de\/WP2\/?p=137"},"modified":"2023-10-05T16:41:23","modified_gmt":"2023-10-05T14:41:23","slug":"ueber-uns","status":"publish","type":"post","link":"https:\/\/www.echo-frankfurt.de\/WP2\/ueber-uns\/","title":{"rendered":"\u00dcber uns&#8230;"},"content":{"rendered":"<h1>Der Chor der Ehemaligen Helmholtzsch\u00fcler ECH<\/h1>\n<p>Es gibt ihn nun schon seit Oktober.2001. Die Idee zur Gr\u00fcndung eines Ehemaligen &#8211; Chores ging von ehemaligen Sch\u00fclerinnen und Sch\u00fclern aus, die auch nach dem Abitur im netten Kreise weiter singen wollten.<br \/>\nDie jahrelange Zusammenarbeit im Schulchor sowie die zahlreichen Auftritte im In- und Ausland hatten Freundschaften entstehen lassen, die \u00fcber das Abitur hinaus reichen. Als Gr\u00fcnder und ehemaliger Leiter des Schulchores fragten verschiedene Sch\u00fcler\/innen immer wieder, ob ich nicht Lust habe, mit ihnen musikalisch weiter zu arbeiten.<\/p>\n<p>Unter der Bedingung, dass ich nur f\u00fcr musikalische Aufgaben zust\u00e4ndig sein w\u00fcrde und nicht f\u00fcr Organisatorisches (davon habe ich als P\u00e4dagogischer Leiter meiner neuen Schule genug zu bew\u00e4ltigen) willigte ich ein.<br \/>\nDer Verein ehemaliger Helmholtzsch\u00fcler erkl\u00e4rte sich sofort bereit, die Finanzierung eines Proberaumes langfristig zu \u00fcbernehmen.<\/p>\n<p>Der ECH war geboren.<\/p>\n<p>Die anf\u00e4nglich 8 Mitglieder wuchsen allm\u00e4hlich auf 19 an. Auch Angeh\u00f6rige und Freunde, die mitarbeiten wollten, wurden aufgenommen. Eine freundschaftlich zusammen arbeitende und auch mal gemeinsam feiernde nette Gruppe im Alter zwischen 20 und 45 Jahren ist inzwischen entstanden, die sich \u00fcber neue Mits\u00e4nger\/innen sehr freut und diese schnell in ihren Kreis integriert. Auch Menschen, die schon lange nicht mehr zur Schule gehen oder keine musikalischen Vorkenntnisse mitbringen, werden sich bei uns schnell einleben.<\/p>\n<p>Unser Repertoire umfasst Werke der Geistlichen und Ernsten Musik ebenso wie Gospels, Folklore, Oldies, aktuelle Hits oder Teile aus Musicals, einfach alles was Spa\u00df macht.<\/p>\n<p>Die ersten Auftritte liegen inzwischen hinter uns, in der Bornheimer Josephskirche anl\u00e4sslich einer Hochzeit, bei einer Verschenk-Modenschau im Gemeindezentrum Fechenheim oder zur Er\u00f6ffnung einer Vernissage im Kreis Offenbach (Dreieich). Der Westdeutsche Rundfunk berichtete mit Ausz\u00fcgen von den Chordarbietungen.<\/p>\n<p>Es folgten ein vorweihnachtlicher Abend im vollbesetzten H\u00f6rsaal des St.Katharinen-Krankenhauses f\u00fcr Patienten, Mitarbeiter und G\u00e4ste mit Geschichten, Liedern und Gospels zur Vorweihnachtszeit und ein Auftritt beim Kulturverein in Frankfurt-Seckbach im November und Dezember.<br \/>\nF\u00fcr April wurden wir zur musikalischen Gestaltung eines Programmes der Kulturgruppe des TV Seckbach mit dem Thema \u201eJahreszeiten der Liebe\u201c engagiert.<br \/>\nDie FNP berichtete ausf\u00fchrlich in einem Bildbericht \u00fcber den Werdegang des Chores.<\/p>\n<p>F\u00fcr die Sch\u00fclerinnen und Sch\u00fcler der Helmholtzschule bietet der Chor der Ehemaligen eine Perspektive f\u00fcr musikalische Kontinuit\u00e4t auch nach der Schulzeit. Der Schulgemeinschaft hilft er zu einer engeren Verzahnung mit dem Stadtteil. Er verk\u00f6rpert ein praxisnahes und lebendiges Bindeglied zwischen der Schulgemeinschaft und ihren Ehemaligen.<\/p>\n<p>Bleibt zu hoffen, dass auch durch die Werbung der und die Integration in die Schulgemeinschaft der Chor der Ehemaligen zu einer dauerhaften Einrichtung im Interesse der Schule und ihrer Ehemaligen wird und mit Hilfe der Schulgemeinschaft auch die zuk\u00fcnftigen Schulabg\u00e4nger\/innen daf\u00fcr begeistert werden k\u00f6nnen.<\/p>\n<p>Die Proben finden zur Zeit 14-t\u00e4gig Mittwochs von 19.30 bis 21.00 Uhr statt. Die genauen Tage und den Ort befinden sich im <a href=\"https:\/\/www.echo-frankfurt.de\/WP2\/termine\/\">Kalender<\/a> auf unserer\u00a0Homepage.<\/p>\n","protected":false},"excerpt":{"rendered":"<p>Der Chor der Ehemaligen Helmholtzsch\u00fcler ECH Es gibt ihn nun schon seit Oktober.2001. Die Idee zur Gr\u00fcndung eines Ehemaligen &#8211; Chores ging von ehemaligen Sch\u00fclerinnen und Sch\u00fclern aus, die auch nach dem Abitur im netten Kreise weiter singen wollten. Die jahrelange Zusammenarbeit im Schulchor sowie die zahlreichen Auftritte im In- und Ausland hatten Freundschaften entstehen &hellip; <\/p>\n<p class=\"link-more\"><a href=\"https:\/\/www.echo-frankfurt.de\/WP2\/ueber-uns\/\" class=\"more-link\"><span class=\"screen-reader-text\">\u201e\u00dcber uns&#8230;\u201c <\/span>weiterlesen<\/a><\/p>\n","protected":false},"author":2,"featured_media":0,"comment_status":"closed","ping_status":"open","sticky":false,"template":"","format":"standard","meta":{"ngg_post_thumbnail":0,"footnotes":""},"categories":[14,19],"tags":[6,21,4,3,5,22,9,20],"class_list":["post-137","post","type-post","status-publish","format-standard","hentry","category-berichte","category-ueber-uns","tag-chor","tag-ech","tag-echo","tag-echo-frankfurt-chor","tag-frankfurt","tag-helmholtzschule","tag-konzerte","tag-seckbach"],"_links":{"self":[{"href":"https:\/\/www.echo-frankfurt.de\/WP2\/wp-json\/wp\/v2\/posts\/137","targetHints":{"allow":["GET"]}}],"collection":[{"href":"https:\/\/www.echo-frankfurt.de\/WP2\/wp-json\/wp\/v2\/posts"}],"about":[{"href":"https:\/\/www.echo-frankfurt.de\/WP2\/wp-json\/wp\/v2\/types\/post"}],"author":[{"embeddable":true,"href":"https:\/\/www.echo-frankfurt.de\/WP2\/wp-json\/wp\/v2\/users\/2"}],"replies":[{"embeddable":true,"href":"https:\/\/www.echo-frankfurt.de\/WP2\/wp-json\/wp\/v2\/comments?post=137"}],"version-history":[{"count":1,"href":"https:\/\/www.echo-frankfurt.de\/WP2\/wp-json\/wp\/v2\/posts\/137\/revisions"}],"predecessor-version":[{"id":138,"href":"https:\/\/www.echo-frankfurt.de\/WP2\/wp-json\/wp\/v2\/posts\/137\/revisions\/138"}],"wp:attachment":[{"href":"https:\/\/www.echo-frankfurt.de\/WP2\/wp-json\/wp\/v2\/media?parent=137"}],"wp:term":[{"taxonomy":"category","embeddable":true,"href":"https:\/\/www.echo-frankfurt.de\/WP2\/wp-json\/wp\/v2\/categories?post=137"},{"taxonomy":"post_tag","embeddable":true,"href":"https:\/\/www.echo-frankfurt.de\/WP2\/wp-json\/wp\/v2\/tags?post=137"}],"curies":[{"name":"wp","href":"https:\/\/api.w.org\/{rel}","templated":true}]}}